{"id":1055,"date":"2019-01-05T12:55:57","date_gmt":"2019-01-05T11:55:57","guid":{"rendered":"http:\/\/bierwagensammelnintt.de\/?p=1055"},"modified":"2019-01-05T12:55:58","modified_gmt":"2019-01-05T11:55:58","slug":"100-jahre-suesswarenfabrik-august-storck","status":"publish","type":"post","link":"https:\/\/www.bierwagensammelnintt.de\/index.php\/100-jahre-suesswarenfabrik-august-storck\/","title":{"rendered":"100 Jahre S\u00fc\u00dfwarenfabrik August Storck"},"content":{"rendered":"\n<p>Uwe Kurz, Campino, Wo s\u00fc\u00dfe Tr\u00e4ume wahr werden, Seite 1<\/p>\n\n\n\n<figure class=\"wp-block-image\"><img loading=\"lazy\" decoding=\"async\" width=\"967\" height=\"364\" src=\"http:\/\/bierwagensammelnintt.de\/wp-content\/uploads\/2019\/01\/Werthers1-2.jpg\" alt=\"\" class=\"wp-image-1056\" srcset=\"https:\/\/www.bierwagensammelnintt.de\/wp-content\/uploads\/2019\/01\/Werthers1-2.jpg 967w, https:\/\/www.bierwagensammelnintt.de\/wp-content\/uploads\/2019\/01\/Werthers1-2-300x113.jpg 300w, https:\/\/www.bierwagensammelnintt.de\/wp-content\/uploads\/2019\/01\/Werthers1-2-768x289.jpg 768w\" sizes=\"auto, (max-width: 967px) 100vw, 967px\" \/><\/figure>\n\n\n\n<p>Uwe Kurz, Werthers Original, Seite 2<\/p>\n\n\n\n<figure class=\"wp-block-image\"><img loading=\"lazy\" decoding=\"async\" width=\"942\" height=\"354\" src=\"http:\/\/bierwagensammelnintt.de\/wp-content\/uploads\/2019\/01\/Werthers-2.jpg\" alt=\"\" class=\"wp-image-1057\" srcset=\"https:\/\/www.bierwagensammelnintt.de\/wp-content\/uploads\/2019\/01\/Werthers-2.jpg 942w, https:\/\/www.bierwagensammelnintt.de\/wp-content\/uploads\/2019\/01\/Werthers-2-300x113.jpg 300w, https:\/\/www.bierwagensammelnintt.de\/wp-content\/uploads\/2019\/01\/Werthers-2-768x289.jpg 768w\" sizes=\"auto, (max-width: 942px) 100vw, 942px\" \/><\/figure>\n<!--themify_builder_content-->\n<div id=\"themify_builder_content-1055\" data-postid=\"1055\" class=\"themify_builder_content themify_builder_content-1055 themify_builder tf_clear\">\n    <\/div>\n<!--\/themify_builder_content-->\n","protected":false},"excerpt":{"rendered":"<p>Uwe Kurz, Campino, Wo s\u00fc\u00dfe Tr\u00e4ume wahr werden, Seite 1 Uwe Kurz, Werthers Original, Seite 2<\/p>\n","protected":false},"author":5,"featured_media":0,"comment_status":"closed","ping_status":"open","sticky":false,"template":"","format":"standard","meta":{"footnotes":""},"categories":[16],"tags":[],"class_list":["post-1055","post","type-post","status-publish","format-standard","hentry","category-modelle-uwe-kurz","has-post-title","has-post-date","has-post-category","has-post-tag","has-post-comment","has-post-author",""],"builder_content":"","_links":{"self":[{"href":"https:\/\/www.bierwagensammelnintt.de\/index.php\/wp-json\/wp\/v2\/posts\/1055","targetHints":{"allow":["GET"]}}],"collection":[{"href":"https:\/\/www.bierwagensammelnintt.de\/index.php\/wp-json\/wp\/v2\/posts"}],"about":[{"href":"https:\/\/www.bierwagensammelnintt.de\/index.php\/wp-json\/wp\/v2\/types\/post"}],"author":[{"embeddable":true,"href":"https:\/\/www.bierwagensammelnintt.de\/index.php\/wp-json\/wp\/v2\/users\/5"}],"replies":[{"embeddable":true,"href":"https:\/\/www.bierwagensammelnintt.de\/index.php\/wp-json\/wp\/v2\/comments?post=1055"}],"version-history":[{"count":1,"href":"https:\/\/www.bierwagensammelnintt.de\/index.php\/wp-json\/wp\/v2\/posts\/1055\/revisions"}],"predecessor-version":[{"id":1058,"href":"https:\/\/www.bierwagensammelnintt.de\/index.php\/wp-json\/wp\/v2\/posts\/1055\/revisions\/1058"}],"wp:attachment":[{"href":"https:\/\/www.bierwagensammelnintt.de\/index.php\/wp-json\/wp\/v2\/media?parent=1055"}],"wp:term":[{"taxonomy":"category","embeddable":true,"href":"https:\/\/www.bierwagensammelnintt.de\/index.php\/wp-json\/wp\/v2\/categories?post=1055"},{"taxonomy":"post_tag","embeddable":true,"href":"https:\/\/www.bierwagensammelnintt.de\/index.php\/wp-json\/wp\/v2\/tags?post=1055"}],"curies":[{"name":"wp","href":"https:\/\/api.w.org\/{rel}","templated":true}]}}